{"id":5282,"__str__":"Ato do Presidente-PRES n\u00ba 8, de 25 de agosto de 2025","link_detail_backend":"/norma/5282","metadata":{},"texto_integral":"http://sapl.miracatu.sp.leg.br/media/sapl/public/normajuridica/2025/5282/atopresidente082025.pdf","numero":"8","ano":2025,"esfera_federacao":"M","data":"2025-08-25","data_publicacao":null,"veiculo_publicacao":"Di\u00e1rio Oficial do Munic\u00edpio","pagina_inicio_publicacao":null,"pagina_fim_publicacao":null,"ementa":"Nomeia Comiss\u00e3o de Representa\u00e7\u00e3o para participa\u00e7\u00e3o no 67\u00ba Congresso Estadual de Munic\u00edpios, em S\u00e3o Paulo, de 26 a 29/8/2025","indexacao":"","observacao":"","complemento":false,"data_vigencia":null,"timestamp":"2025-08-29T15:26:02.690383-03:00","data_ultima_atualizacao":"2025-08-29T15:26:02.971785-03:00","ip":"200.153.29.162","ultima_edicao":"2025-08-29T15:24:47.442064-03:00","tipo":9,"materia":null,"orgao":4,"user":52,"assuntos":[16,19],"autores":[]}