{"id":8894,"__str__":"Parecer n\u00ba 18 de 2019 | Proposi\u00e7\u00e3o apresentada em Plen\u00e1rio | 06/05/2019","link_detail_backend":"/materia/tramitacao/8894","metadata":{},"timestamp":"2019-05-07T10:22:15.912113-03:00","data_tramitacao":"2019-05-06","data_encaminhamento":null,"urgente":false,"turno":"","texto":"Lido na 10\u00aa Sess\u00e3o Ordin\u00e1ria","data_fim_prazo":null,"ip":"","ultima_edicao":null,"status":28,"materia":3891,"unidade_tramitacao_local":2,"unidade_tramitacao_destino":6,"user":null}