{"id":6969,"__str__":"Parecer n\u00ba 13 de 2018 | Proposi\u00e7\u00e3o apresentada em Plen\u00e1rio | 26/03/2018","link_detail_backend":"/materia/tramitacao/6969","metadata":{},"timestamp":"2018-09-19T14:48:39.297542-03:00","data_tramitacao":"2018-03-26","data_encaminhamento":null,"urgente":false,"turno":"","texto":"subsidiou o PDL 02/18","data_fim_prazo":null,"ip":"","ultima_edicao":null,"status":28,"materia":3226,"unidade_tramitacao_local":2,"unidade_tramitacao_destino":6,"user":null}