{"id":5598,"__str__":"Parecer n\u00ba 5 de 2017 | Proposi\u00e7\u00e3o apresentada em Plen\u00e1rio | 20/02/2017","link_detail_backend":"/materia/tramitacao/5598","metadata":{},"timestamp":"2018-09-19T14:48:39.297542-03:00","data_tramitacao":"2017-02-20","data_encaminhamento":null,"urgente":false,"turno":"","texto":"Lido na 1\u00aa Sess\u00e3o Ordin\u00e1ria","data_fim_prazo":null,"ip":"","ultima_edicao":null,"status":28,"materia":2577,"unidade_tramitacao_local":2,"unidade_tramitacao_destino":6,"user":null}