{"id":5150,"__str__":"Parecer n\u00ba 49 de 2016 | Proposi\u00e7\u00e3o apresentada em Plen\u00e1rio | 05/09/2016","link_detail_backend":"/materia/tramitacao/5150","metadata":{},"timestamp":"2018-09-19T14:48:39.297542-03:00","data_tramitacao":"2016-09-05","data_encaminhamento":null,"urgente":false,"turno":"","texto":"Lido em Sess\u00e3o Ordin\u00e1ria","data_fim_prazo":null,"ip":"","ultima_edicao":null,"status":28,"materia":2331,"unidade_tramitacao_local":2,"unidade_tramitacao_destino":6,"user":null}