{"id":12422,"__str__":"Parecer n\u00ba 73 de 2018 | Proposi\u00e7\u00e3o apresentada em Plen\u00e1rio | 25/08/2020","link_detail_backend":"/materia/tramitacao/12422","metadata":{},"timestamp":"2020-08-26T17:24:58.704409-03:00","data_tramitacao":"2020-08-25","data_encaminhamento":null,"urgente":false,"turno":"","texto":"Lido em Sess\u00e3o","data_fim_prazo":null,"ip":"187.50.93.76","ultima_edicao":"2020-08-26T17:24:30.319398-03:00","status":28,"materia":3678,"unidade_tramitacao_local":2,"unidade_tramitacao_destino":6,"user":49}