{"id":10009,"__str__":"Parecer n\u00ba 70 de 2019 | Proposi\u00e7\u00e3o apresentada em Plen\u00e1rio | 25/09/2019","link_detail_backend":"/materia/tramitacao/10009","metadata":{},"timestamp":"2019-09-26T11:16:13.046224-03:00","data_tramitacao":"2019-09-25","data_encaminhamento":null,"urgente":false,"turno":"","texto":"Lido em Sess\u00e3o","data_fim_prazo":null,"ip":"187.50.93.76","ultima_edicao":null,"status":28,"materia":4127,"unidade_tramitacao_local":2,"unidade_tramitacao_destino":6,"user":49}