{"id":8190,"__str__":"Projeto de Lei Complementar n\u00ba 2 de 2026","link_detail_backend":"/materia/8190","metadata":{},"numero":2,"ano":2026,"numero_protocolo":237,"data_apresentacao":"2026-03-23","tipo_apresentacao":"E","data_publicacao":null,"numero_origem_externa":"","ano_origem_externa":null,"data_origem_externa":null,"apelido":"","dias_prazo":null,"data_fim_prazo":null,"em_tramitacao":false,"polemica":false,"objeto":"","complementar":false,"ementa":"DISP\u00d5E SOBRE AMPLIA\u00c7\u00c3O DE VAGA NO QUADRO DE CARGOS CONSTANTE NO ANEXO I DA LEI COMPLEMENTAR N\u00ba 074 DE  26 DE DEZEMBRO DE 2022. (ANALISTA ADMINISTRATIVO)","indexacao":"","observacao":"","resultado":"","texto_original":"http://sapl.miracatu.sp.leg.br/media/sapl/public/materialegislativa/2026/8190/plc02_26.pdf","data_ultima_atualizacao":"2026-04-23T15:08:35.702861-03:00","ip":"200.153.29.162","ultima_edicao":"2026-03-24T15:31:59.293247-03:00","tipo":5,"regime_tramitacao":1,"tipo_origem_externa":null,"local_origem_externa":null,"user":49,"anexadas":[],"autores":[71]}