{"id":6373,"__str__":"Projeto de Lei Ordin\u00e1ria n\u00ba 24 de 2023","link_detail_backend":"/materia/6373","metadata":{},"numero":24,"ano":2023,"numero_protocolo":460,"data_apresentacao":"2023-04-17","tipo_apresentacao":"E","data_publicacao":null,"numero_origem_externa":"","ano_origem_externa":null,"data_origem_externa":null,"apelido":"","dias_prazo":null,"data_fim_prazo":null,"em_tramitacao":false,"polemica":false,"objeto":"","complementar":false,"ementa":"DISP\u00d5E SOBRE  REALIZA\u00c7\u00c3O  DE  CONV\u00caNIO  COM A  FUNDA\u00c7\u00c3O  PROCON,  DESTINADO  AO  ESTABELECIMENTO  DE  PROGRAMA  MUNICIPAL  DE PROTE\u00c7\u00c3O E DEFESA DO CONSUMIDOR, PARA CUMPRIMENTO DAS DISPOSI\u00c7\u00d5ES DO C\u00d3DIGO DE DEFESA DO CONSUMIDOR E DEMAIS NORMAS DA\r\nPOL\u00cdTICA NACIONAL DAS RELA\u00c7\u00d5ES DE CONSUMO","indexacao":"","observacao":"","resultado":"","texto_original":"http://sapl.miracatu.sp.leg.br/media/sapl/public/materialegislativa/2023/6373/pl_24_23.pdf","data_ultima_atualizacao":"2023-05-19T15:18:20.737166-03:00","ip":"200.153.29.165","ultima_edicao":"2023-04-17T17:47:34.039056-03:00","tipo":1,"regime_tramitacao":1,"tipo_origem_externa":null,"local_origem_externa":null,"user":49,"anexadas":[],"autores":[71]}