{"id":6225,"__str__":"Reda\u00e7\u00e3o Final n\u00ba 6 de 2023","link_detail_backend":"/materia/6225","metadata":{},"numero":6,"ano":2023,"numero_protocolo":null,"data_apresentacao":"2023-02-23","tipo_apresentacao":"E","data_publicacao":null,"numero_origem_externa":"","ano_origem_externa":null,"data_origem_externa":null,"apelido":"","dias_prazo":null,"data_fim_prazo":null,"em_tramitacao":false,"polemica":false,"objeto":"","complementar":false,"ementa":"\"DISP\u00d5E SOBRE ASPECTOS DA POL\u00cdTICA MUNICIPAL DE EDUCA\u00c7\u00c3O E DE VALORIZA\u00c7\u00c3O DO VERDE, ESPECIALMENTE POR MEIO DA ARBORIZA\u00c7\u00c3O E JARDINAGEM DAS ESCOLAS INTEGRANTES DA REDE P\u00daBLICA MUNICIPAL E DA DIVULGA\u00c7\u00c3O ENTRE OS ESTUDANTES DA IMPORT\u00c2NCIA DO PLANTIO E DA CONSERVA\u00c7\u00c3O DE \u00c1RVORES, E D\u00c1 OUTRAS PROVID\u00caNCIAS.","indexacao":"","observacao":"","resultado":"","texto_original":"http://sapl.miracatu.sp.leg.br/media/sapl/public/materialegislativa/2023/6225/rf_06_2324022023.pdf","data_ultima_atualizacao":"2023-02-24T14:54:21.912717-03:00","ip":"200.153.29.165","ultima_edicao":"2023-02-24T14:54:21.736670-03:00","tipo":17,"regime_tramitacao":1,"tipo_origem_externa":null,"local_origem_externa":null,"user":50,"anexadas":[],"autores":[27]}