{"id":6066,"__str__":"Projeto de Lei Complementar n\u00ba 12 de 2022","link_detail_backend":"/materia/6066","metadata":{},"numero":12,"ano":2022,"numero_protocolo":1504,"data_apresentacao":"2022-12-01","tipo_apresentacao":"E","data_publicacao":null,"numero_origem_externa":"","ano_origem_externa":null,"data_origem_externa":null,"apelido":"","dias_prazo":null,"data_fim_prazo":null,"em_tramitacao":false,"polemica":false,"objeto":"","complementar":false,"ementa":"DISP\u00d5E SOBRE CRIA\u00c7\u00c3O DE VAGAS, ALTERANDO O ANEXO I DA LEI COMPLEMENTAR N\u00ba 007 DE 09 DE ABRIL DE 2012-ESTRUTURA\u00c7\u00c3O DO QUADRO\r\nGERAL E DO PLANO DE CARREIRA E EVOLU\u00c7\u00c3O FUNCIONAL DOS SERVIDORES P\u00daBLICOS DA PREFEITURA DE MIRACATU","indexacao":"","observacao":"","resultado":"","texto_original":"http://sapl.miracatu.sp.leg.br/media/sapl/public/materialegislativa/2022/6066/plc_12_22.pdf","data_ultima_atualizacao":"2023-01-17T15:49:33.874768-03:00","ip":"201.63.97.222","ultima_edicao":"2022-12-01T16:31:31.990203-03:00","tipo":5,"regime_tramitacao":1,"tipo_origem_externa":null,"local_origem_externa":null,"user":50,"anexadas":[],"autores":[71]}