{"id":3274,"__str__":"Emendas a Projetos n\u00ba 5 de 2018","link_detail_backend":"/materia/3274","metadata":{},"numero":5,"ano":2018,"numero_protocolo":305,"data_apresentacao":"2018-03-23","tipo_apresentacao":"E","data_publicacao":null,"numero_origem_externa":"","ano_origem_externa":null,"data_origem_externa":null,"apelido":"","dias_prazo":null,"data_fim_prazo":null,"em_tramitacao":false,"polemica":false,"objeto":"","complementar":false,"ementa":"SUBSTITUTIVA A REDA\u00c7\u00c3O DA AL\u00cdNEA &#8220;C&#8221; DO \u00a7 1\u00ba DO ARTIGO 2\u00ba DO PROJETO DE LEI  COMPLEMENTAR N\u00ba 2/17 E DA AL\u00cdNEA &#8220;A&#8221; DO ARTIGO 4\u00ba DO MESMO PROJETO (VE\u00cdCULO DE NO M\u00c1XIMO 10 ANOS)","indexacao":"","observacao":"","resultado":"","texto_original":"http://sapl.miracatu.sp.leg.br/media/sapl/public/materialegislativa/2018/3274/3274_texto_integral.pdf","data_ultima_atualizacao":"2018-06-14T15:08:05.334058-03:00","ip":"","ultima_edicao":null,"tipo":10,"regime_tramitacao":1,"tipo_origem_externa":null,"local_origem_externa":null,"user":null,"anexadas":[],"autores":[28]}