{"id":205,"__str__":"Reuni\u00e3o Conjunta da CCJ e COF","link_detail_backend":"/comissao/reuniao/205","metadata":{},"numero":70,"nome":"Reuni\u00e3o Conjunta da CCJ e COF","tema":"PLCs 07, 08 e 09/23","data":"2023-07-05","hora_inicio":"16:00:00","hora_fim":null,"local_reuniao":"","observacao":"Mat\u00e9rias para as quais foram convocada Sess\u00e3o Legislativa Extraordin\u00e1ria","url_audio":"","url_video":"","upload_pauta":null,"upload_ata":"http://sapl.miracatu.sp.leg.br/media/sapl/public/reuniao/205/ata/ataccj_e_cof_0507.pdf","upload_anexo":null,"periodo":15,"comissao":14}