{"id":25,"__str__":"Plano municipal de gest\u00e3o integrada de Res\u00edduos S\u00f3lidos - prognostico e vers\u00e3o preliminar","link_detail_backend":"/audiencia/25","metadata":{},"numero":24,"ano":2022,"nome":"Plano municipal de gest\u00e3o integrada de Res\u00edduos S\u00f3lidos - prognostico e vers\u00e3o preliminar","tema":"Residuos solidos","data":"2022-11-17","hora_inicio":"18:30","hora_fim":"","observacao":"","audiencia_cancelada":false,"url_audio":"","url_video":"","upload_pauta":null,"upload_ata":null,"upload_anexo":null,"materia":null,"tipo":1,"parlamentar_autor":null,"requerimento":null}